{"id":1643,"date":"2022-07-17T09:21:41","date_gmt":"2022-07-17T08:21:41","guid":{"rendered":"https:\/\/feuerwehr-hartmannshof.de\/?p=1643"},"modified":"2022-07-17T09:21:43","modified_gmt":"2022-07-17T08:21:43","slug":"ehrungen-fuer-25-jaehrigen-dienst-fuer-hannes-schoelzel-und-juergen-hauenstein-sowie-eine-ehrung-des-lfv-bayern-fuer-harald-ringer","status":"publish","type":"post","link":"https:\/\/feuerwehr-hartmannshof.de\/?p=1643","title":{"rendered":"Ehrungen f\u00fcr 25-j\u00e4hrigen Dienst f\u00fcr Hannes Sch\u00f6lzel und J\u00fcrgen Hauenstein sowie eine Ehrung des LFV-Bayern f\u00fcr Harald Ringer"},"content":{"rendered":"\n<figure class=\"wp-block-image size-large\"><img loading=\"lazy\" decoding=\"async\" width=\"1024\" height=\"768\" src=\"https:\/\/feuerwehr-hartmannshof.de\/wp-content\/uploads\/2022\/07\/Ehrungen-2022-1024x768.jpg\" alt=\"\" class=\"wp-image-1644\" srcset=\"https:\/\/feuerwehr-hartmannshof.de\/wp-content\/uploads\/2022\/07\/Ehrungen-2022-1024x768.jpg 1024w, https:\/\/feuerwehr-hartmannshof.de\/wp-content\/uploads\/2022\/07\/Ehrungen-2022-300x225.jpg 300w, https:\/\/feuerwehr-hartmannshof.de\/wp-content\/uploads\/2022\/07\/Ehrungen-2022-768x576.jpg 768w, https:\/\/feuerwehr-hartmannshof.de\/wp-content\/uploads\/2022\/07\/Ehrungen-2022-1536x1152.jpg 1536w, https:\/\/feuerwehr-hartmannshof.de\/wp-content\/uploads\/2022\/07\/Ehrungen-2022.jpg 2000w\" sizes=\"auto, (max-width: 1024px) 100vw, 1024px\" \/><\/figure>\n\n\n\n<p>Am Samstag, den 16.Juli fand im Markgrafensaal in Hohenstadt ein Ehrungsabend f\u00fcr die Feuerwehren der Gemeinde Pommelsbrunn statt. Zahlreiche aktive der 7 Feuerwehren wurden f\u00fcr 25 bzw. 40 Jahre aktiven Feuerwehrdienst geehrt. Darunter auch unsere beiden Kameraden <strong>Hannes Sch\u00f6lzel<\/strong> und <strong>J\u00fcrgen Hauenstein<\/strong> (entschuldigt). Beide leisten seit <strong>25 Jahren aktiven Feuerwehrdienst<\/strong> in der Feuerwehr Hartmannshof. <\/p>\n\n\n\n<p>Eine ganz besondere Auszeichnung hatte Kreisbrandinspektor Thorsten Brunner f\u00fcr unseren Vorstand, Ger\u00e4tewart und Gruppenf\u00fchrer Harald Ringer dabei. In seiner Laudatio erw\u00e4hnte Brunner das au\u00dfergew\u00f6hnliche Engagement von Harald Ringer in seiner Feuerwehr, auf Gemeindeebene als Ausbilder und Funk-Multiplikator und als langj\u00e4hriges Mitglied er PSNV-E Einheit im Landkreis N\u00fcrnberger Land. Er betonte die langj\u00e4hrige Einsatzerfahrung, unter anderem bei den beiden Schnee-Katastrophen im bayerischen Wald und Berchtesgaden.<\/p>\n\n\n\n<p>Thorsten Brunner \u00fcberreichte <strong>Harald Ringer<\/strong> im Namen des Landesfeuerwehrverbandes Bayern, dass <strong>&#8222;bayerische Feuerwehr-Ehrenkreuz in Silber&#8220;<\/strong> in Anerkennung und W\u00fcrdigung hervorragender Leistungen auf dem Gebiet des Feuerwehrwesens. Diese Anerkennung steht den Landkreisen nur limitiert zur Verf\u00fcgung.<\/p>\n\n\n\n<figure class=\"wp-block-image size-large\"><img loading=\"lazy\" decoding=\"async\" width=\"1024\" height=\"768\" src=\"https:\/\/feuerwehr-hartmannshof.de\/wp-content\/uploads\/2022\/07\/Feuerwehr-Steckkreuz-in-Silber-H_Ringer-2022-1-1024x768.jpg\" alt=\"\" class=\"wp-image-1646\" srcset=\"https:\/\/feuerwehr-hartmannshof.de\/wp-content\/uploads\/2022\/07\/Feuerwehr-Steckkreuz-in-Silber-H_Ringer-2022-1-1024x768.jpg 1024w, https:\/\/feuerwehr-hartmannshof.de\/wp-content\/uploads\/2022\/07\/Feuerwehr-Steckkreuz-in-Silber-H_Ringer-2022-1-300x225.jpg 300w, https:\/\/feuerwehr-hartmannshof.de\/wp-content\/uploads\/2022\/07\/Feuerwehr-Steckkreuz-in-Silber-H_Ringer-2022-1-768x576.jpg 768w, https:\/\/feuerwehr-hartmannshof.de\/wp-content\/uploads\/2022\/07\/Feuerwehr-Steckkreuz-in-Silber-H_Ringer-2022-1-1536x1152.jpg 1536w, https:\/\/feuerwehr-hartmannshof.de\/wp-content\/uploads\/2022\/07\/Feuerwehr-Steckkreuz-in-Silber-H_Ringer-2022-1-2048x1536.jpg 2048w\" sizes=\"auto, (max-width: 1024px) 100vw, 1024px\" \/><\/figure>\n\n\n\n<p>Herzlichen Gl\u00fcckwunsch!!!<\/p>\n","protected":false},"excerpt":{"rendered":"<p>Am Samstag, den 16.Juli fand im Markgrafensaal in Hohenstadt ein Ehrungsabend f\u00fcr die Feuerwehren der Gemeinde Pommelsbrunn statt. Zahlreiche aktive der 7 Feuerwehren wurden f\u00fcr 25 bzw. 40 Jahre aktiven Feuerwehrdienst geehrt. Darunter auch unsere beiden Kameraden Hannes Sch\u00f6lzel und [&#8230;]<\/p>\n","protected":false},"author":1,"featured_media":0,"comment_status":"closed","ping_status":"closed","sticky":false,"template":"","format":"standard","meta":{"footnotes":""},"categories":[1],"tags":[],"class_list":["post-1643","post","type-post","status-publish","format-standard","hentry","category-uncategorized"],"_links":{"self":[{"href":"https:\/\/feuerwehr-hartmannshof.de\/index.php?rest_route=\/wp\/v2\/posts\/1643","targetHints":{"allow":["GET"]}}],"collection":[{"href":"https:\/\/feuerwehr-hartmannshof.de\/index.php?rest_route=\/wp\/v2\/posts"}],"about":[{"href":"https:\/\/feuerwehr-hartmannshof.de\/index.php?rest_route=\/wp\/v2\/types\/post"}],"author":[{"embeddable":true,"href":"https:\/\/feuerwehr-hartmannshof.de\/index.php?rest_route=\/wp\/v2\/users\/1"}],"replies":[{"embeddable":true,"href":"https:\/\/feuerwehr-hartmannshof.de\/index.php?rest_route=%2Fwp%2Fv2%2Fcomments&post=1643"}],"version-history":[{"count":1,"href":"https:\/\/feuerwehr-hartmannshof.de\/index.php?rest_route=\/wp\/v2\/posts\/1643\/revisions"}],"predecessor-version":[{"id":1647,"href":"https:\/\/feuerwehr-hartmannshof.de\/index.php?rest_route=\/wp\/v2\/posts\/1643\/revisions\/1647"}],"wp:attachment":[{"href":"https:\/\/feuerwehr-hartmannshof.de\/index.php?rest_route=%2Fwp%2Fv2%2Fmedia&parent=1643"}],"wp:term":[{"taxonomy":"category","embeddable":true,"href":"https:\/\/feuerwehr-hartmannshof.de\/index.php?rest_route=%2Fwp%2Fv2%2Fcategories&post=1643"},{"taxonomy":"post_tag","embeddable":true,"href":"https:\/\/feuerwehr-hartmannshof.de\/index.php?rest_route=%2Fwp%2Fv2%2Ftags&post=1643"}],"curies":[{"name":"wp","href":"https:\/\/api.w.org\/{rel}","templated":true}]}}