{"id":304,"date":"2017-03-02T12:15:43","date_gmt":"2017-03-02T11:15:43","guid":{"rendered":"http:\/\/feuerwehr-hartmannshof.de\/?p=304"},"modified":"2018-04-22T10:25:45","modified_gmt":"2018-04-22T09:25:45","slug":"hartmannshofer-beschaffen-defibrillator","status":"publish","type":"post","link":"https:\/\/feuerwehr-hartmannshof.de\/?p=304","title":{"rendered":"Hartmannshofer beschaffen Defibrillator"},"content":{"rendered":"<p><strong>Hartmannshof <\/strong>\u00a0\u2013 \u00a0Der Erl\u00f6s der Hartmannshofer Weihnachtsmeile ist wie gewohnt f\u00fcr einen guten Zweck bestimmt. Diesmal wurde ein Defibrillator f\u00fcr die Hartmannshofer Bev\u00f6lkerung beschafft. Dieser \u201eLebensretter\u201c wurde im Foyer der Sparkasse, f\u00fcr jeden zug\u00e4nglich angebracht.<\/p>\n<p>Ein Defibrillator, auch AED genannt, ist ein Ger\u00e4t zur Behandlung von lebensgef\u00e4hrlichen Herzrhythmusst\u00f6rungen mittels Stromschl\u00e4gen. In vielen Bahnh\u00f6fen und auf \u00f6ffentlichen Pl\u00e4tzen sind diese Ger\u00e4te mittlerweile angebracht. <!--more-->Bereits vor \u00fcber 10 Jahren hat die \u201eARGE Hartmannshofer Kirchweih\u201c ein solches Ger\u00e4t f\u00fcr Gro\u00dfveranstaltungen im Ort angeschafft. Dieser ist w\u00e4hrend der \u00fcbrigen Zeit auf einem Fahrzeug der Hartmannshofer Feuerwehr stationiert. Bereits zweimal mussten das Ger\u00e4t bei Eins\u00e4tzen eingesetzt werden, so Kommandant Thorsten Brunner. Sein Stellvertreter und Organisator der Hartmannshofer Weihnachtsmeile, Stefan Ringer, schlug seinen Mitstreitern die \u00f6ffentliche Anbringung eines solchen Ger\u00e4tes vor. Mit voller Zustimmung und enormen Engagement setzten sich die beteiligten Vereine und Gruppen ein, um die Finanzierung zu erm\u00f6glichen. Hinweisschilder daf\u00fcr sind in den \u00f6rtlichen Gesch\u00e4ften angebracht.<\/p>\n<p>Ein besonderer Dank, galt dem Filialleiter der Sparkasse, Manuel Friedrich, der den Aufstellungsort erm\u00f6glichte. Sowie der Gemeinde Pommelsbrunn f\u00fcr die \u00dcbernahme der Unterhaltskosten.<\/p>\n<p><a href=\"http:\/\/feuerwehr-hartmannshof.de\/wp-content\/uploads\/2018\/03\/P1020949.jpg\"><img loading=\"lazy\" decoding=\"async\" class=\"aligncenter size-full wp-image-305\" src=\"http:\/\/feuerwehr-hartmannshof.de\/wp-content\/uploads\/2018\/03\/P1020949.jpg\" alt=\"\" width=\"750\" height=\"563\" srcset=\"https:\/\/feuerwehr-hartmannshof.de\/wp-content\/uploads\/2018\/03\/P1020949.jpg 750w, https:\/\/feuerwehr-hartmannshof.de\/wp-content\/uploads\/2018\/03\/P1020949-300x225.jpg 300w\" sizes=\"auto, (max-width: 750px) 100vw, 750px\" \/><\/a><\/p>\n<p style=\"text-align: left;\">Bild v. l.: Marita Pfann(Rockn Stubn), Birgit Schmalzl und Patrizia Ottmann(Theatergruppe), Organisator Stefan Ringer, Filialleiter Manuel Friedrich, Michael M\u00fcller(ARGE Kirchweih), vorne Thorsten Brunner und Harald Ringer(Feuerwehr), hinten Eric Ottmann(Kirwaboum)<\/p>\n<p style=\"text-align: left;\"><a href=\"http:\/\/feuerwehr-hartmannshof.de\/wp-content\/uploads\/2017\/03\/20170223_173228.jpg\"><img loading=\"lazy\" decoding=\"async\" class=\"size-thumbnail wp-image-393 alignleft\" src=\"http:\/\/feuerwehr-hartmannshof.de\/wp-content\/uploads\/2017\/03\/20170223_173228-150x150.jpg\" alt=\"\" width=\"150\" height=\"150\" srcset=\"https:\/\/feuerwehr-hartmannshof.de\/wp-content\/uploads\/2017\/03\/20170223_173228-150x150.jpg 150w, https:\/\/feuerwehr-hartmannshof.de\/wp-content\/uploads\/2017\/03\/20170223_173228-100x100.jpg 100w\" sizes=\"auto, (max-width: 150px) 100vw, 150px\" \/><\/a><a href=\"http:\/\/feuerwehr-hartmannshof.de\/wp-content\/uploads\/2017\/03\/20170223_173117.jpg\"><img loading=\"lazy\" decoding=\"async\" class=\"size-thumbnail wp-image-394 alignleft\" src=\"http:\/\/feuerwehr-hartmannshof.de\/wp-content\/uploads\/2017\/03\/20170223_173117-150x150.jpg\" alt=\"\" width=\"150\" height=\"150\" srcset=\"https:\/\/feuerwehr-hartmannshof.de\/wp-content\/uploads\/2017\/03\/20170223_173117-150x150.jpg 150w, https:\/\/feuerwehr-hartmannshof.de\/wp-content\/uploads\/2017\/03\/20170223_173117-100x100.jpg 100w\" sizes=\"auto, (max-width: 150px) 100vw, 150px\" \/><\/a><\/p>\n","protected":false},"excerpt":{"rendered":"<p>Hartmannshof \u00a0\u2013 \u00a0Der Erl\u00f6s der Hartmannshofer Weihnachtsmeile ist wie gewohnt f\u00fcr einen guten Zweck bestimmt. Diesmal wurde ein Defibrillator f\u00fcr die Hartmannshofer Bev\u00f6lkerung beschafft. Dieser \u201eLebensretter\u201c wurde im Foyer der Sparkasse, f\u00fcr jeden zug\u00e4nglich angebracht. Ein Defibrillator, auch AED genannt, [&#8230;]<\/p>\n","protected":false},"author":1,"featured_media":0,"comment_status":"open","ping_status":"closed","sticky":false,"template":"","format":"standard","meta":{"footnotes":""},"categories":[44,9,10],"tags":[6,39,46],"class_list":["post-304","post","type-post","status-publish","format-standard","hentry","category-44","category-aktuelles","category-berichte","tag-6","tag-defi","tag-weihnachtsmeile"],"_links":{"self":[{"href":"https:\/\/feuerwehr-hartmannshof.de\/index.php?rest_route=\/wp\/v2\/posts\/304","targetHints":{"allow":["GET"]}}],"collection":[{"href":"https:\/\/feuerwehr-hartmannshof.de\/index.php?rest_route=\/wp\/v2\/posts"}],"about":[{"href":"https:\/\/feuerwehr-hartmannshof.de\/index.php?rest_route=\/wp\/v2\/types\/post"}],"author":[{"embeddable":true,"href":"https:\/\/feuerwehr-hartmannshof.de\/index.php?rest_route=\/wp\/v2\/users\/1"}],"replies":[{"embeddable":true,"href":"https:\/\/feuerwehr-hartmannshof.de\/index.php?rest_route=%2Fwp%2Fv2%2Fcomments&post=304"}],"version-history":[{"count":4,"href":"https:\/\/feuerwehr-hartmannshof.de\/index.php?rest_route=\/wp\/v2\/posts\/304\/revisions"}],"predecessor-version":[{"id":396,"href":"https:\/\/feuerwehr-hartmannshof.de\/index.php?rest_route=\/wp\/v2\/posts\/304\/revisions\/396"}],"wp:attachment":[{"href":"https:\/\/feuerwehr-hartmannshof.de\/index.php?rest_route=%2Fwp%2Fv2%2Fmedia&parent=304"}],"wp:term":[{"taxonomy":"category","embeddable":true,"href":"https:\/\/feuerwehr-hartmannshof.de\/index.php?rest_route=%2Fwp%2Fv2%2Fcategories&post=304"},{"taxonomy":"post_tag","embeddable":true,"href":"https:\/\/feuerwehr-hartmannshof.de\/index.php?rest_route=%2Fwp%2Fv2%2Ftags&post=304"}],"curies":[{"name":"wp","href":"https:\/\/api.w.org\/{rel}","templated":true}]}}